{"id":52538,"date":"2023-04-04T15:30:45","date_gmt":"2023-04-04T18:30:45","guid":{"rendered":"https:\/\/eventos.ifbaiano.edu.br\/portal\/2-seminario-agroecologia-guanambi\/?p=52538"},"modified":"2023-04-04T15:30:47","modified_gmt":"2023-04-04T18:30:47","slug":"veja-como-foi-o-vi-seapo","status":"publish","type":"post","link":"https:\/\/eventos.ifbaiano.edu.br\/portal\/2-seminario-agroecologia-guanambi\/2023\/04\/04\/veja-como-foi-o-vi-seapo\/","title":{"rendered":"Veja como foi o VI Seapo"},"content":{"rendered":"\n<p>Reveja as palestras do VI Seapo<\/p>\n\n\n\n<figure class=\"wp-block-embed is-type-video is-provider-youtube wp-block-embed-youtube wp-embed-aspect-16-9 wp-has-aspect-ratio\"><div class=\"wp-block-embed__wrapper\">\n<div class=\"nv-iframe-embed\"><iframe loading=\"lazy\" title=\"VI Semin\u00e1rio de Agroecologia e Produ\u00e7\u00e3o Org\u00e2nica - Seapo - 2022 - IF Baiano Campus Guanambi\" width=\"1200\" height=\"675\" src=\"https:\/\/www.youtube.com\/embed\/IceU5ckoIcM?feature=oembed\" frameborder=\"0\" allow=\"accelerometer; autoplay; clipboard-write; encrypted-media; gyroscope; picture-in-picture; web-share\" allowfullscreen><\/iframe><\/div>\n<\/div><\/figure>\n\n\n\n<p><a href=\"https:\/\/www.instagram.com\/p\/Cd1TSZmJUG8\/\" target=\"_blank\" rel=\"noreferrer noopener\">Veja o v\u00eddeo da Feira Agroecol\u00f3gica no nosso Instagram<\/a><\/p>\n","protected":false},"excerpt":{"rendered":"<p>Reveja as palestras do VI Seapo Veja o v\u00eddeo da Feira Agroecol\u00f3gica no nosso Instagram<\/p>\n","protected":false},"author":48,"featured_media":0,"comment_status":"open","ping_status":"open","sticky":false,"template":"","format":"standard","meta":{"neve_meta_sidebar":"","neve_meta_container":"","neve_meta_enable_content_width":"","neve_meta_content_width":0,"neve_meta_title_alignment":"","neve_meta_author_avatar":"","neve_post_elements_order":"","neve_meta_disable_header":"","neve_meta_disable_footer":"","neve_meta_disable_title":"","footnotes":""},"categories":[1],"tags":[],"_links":{"self":[{"href":"https:\/\/eventos.ifbaiano.edu.br\/portal\/2-seminario-agroecologia-guanambi\/wp-json\/wp\/v2\/posts\/52538"}],"collection":[{"href":"https:\/\/eventos.ifbaiano.edu.br\/portal\/2-seminario-agroecologia-guanambi\/wp-json\/wp\/v2\/posts"}],"about":[{"href":"https:\/\/eventos.ifbaiano.edu.br\/portal\/2-seminario-agroecologia-guanambi\/wp-json\/wp\/v2\/types\/post"}],"author":[{"embeddable":true,"href":"https:\/\/eventos.ifbaiano.edu.br\/portal\/2-seminario-agroecologia-guanambi\/wp-json\/wp\/v2\/users\/48"}],"replies":[{"embeddable":true,"href":"https:\/\/eventos.ifbaiano.edu.br\/portal\/2-seminario-agroecologia-guanambi\/wp-json\/wp\/v2\/comments?post=52538"}],"version-history":[{"count":1,"href":"https:\/\/eventos.ifbaiano.edu.br\/portal\/2-seminario-agroecologia-guanambi\/wp-json\/wp\/v2\/posts\/52538\/revisions"}],"predecessor-version":[{"id":52550,"href":"https:\/\/eventos.ifbaiano.edu.br\/portal\/2-seminario-agroecologia-guanambi\/wp-json\/wp\/v2\/posts\/52538\/revisions\/52550"}],"wp:attachment":[{"href":"https:\/\/eventos.ifbaiano.edu.br\/portal\/2-seminario-agroecologia-guanambi\/wp-json\/wp\/v2\/media?parent=52538"}],"wp:term":[{"taxonomy":"category","embeddable":true,"href":"https:\/\/eventos.ifbaiano.edu.br\/portal\/2-seminario-agroecologia-guanambi\/wp-json\/wp\/v2\/categories?post=52538"},{"taxonomy":"post_tag","embeddable":true,"href":"https:\/\/eventos.ifbaiano.edu.br\/portal\/2-seminario-agroecologia-guanambi\/wp-json\/wp\/v2\/tags?post=52538"}],"curies":[{"name":"wp","href":"https:\/\/api.w.org\/{rel}","templated":true}]}}