{"id":52365,"date":"2022-03-07T11:24:12","date_gmt":"2022-03-07T14:24:12","guid":{"rendered":"https:\/\/eventos.ifbaiano.edu.br\/portal\/2-seminario-agroecologia-guanambi\/?p=52365"},"modified":"2022-03-07T12:41:21","modified_gmt":"2022-03-07T15:41:21","slug":"vem-ai-o-vi-seminario-de-agroecologia-e-producao-organica-vi-seapo","status":"publish","type":"post","link":"https:\/\/eventos.ifbaiano.edu.br\/portal\/2-seminario-agroecologia-guanambi\/2022\/03\/07\/vem-ai-o-vi-seminario-de-agroecologia-e-producao-organica-vi-seapo\/","title":{"rendered":"Vem a\u00ed o VI Semin\u00e1rio de Agroecologia e Produ\u00e7\u00e3o Org\u00e2nica (VI Seapo)"},"content":{"rendered":"\n<p>O VI Semin\u00e1rio de Agroecologia e Produ\u00e7\u00e3o Org\u00e2nica (VI Seapo) j\u00e1 tem data marcada, ser\u00e1 nos dias 20 e 21 de maio de 2002. O evento \u00e9 realizado pelo Instituto Federal Baiano &#8211; Campus Guanambi. <\/p>\n\n\n\n<p>No primeiro dia, uma sexta-feira, o evento ter\u00e1 palestras pela manh\u00e3 e oficinas e apresenta\u00e7\u00f5es de resumos pela tarde, tudo de forma on-line e com inscri\u00e7\u00f5es gratuitas.<\/p>\n\n\n\n<p>No s\u00e1bado haver\u00e1 uma Feira Agroecol\u00f3gica em uma das pra\u00e7as da regi\u00e3o central de Guanambi, com exposi\u00e7\u00e3o de produtos org\u00e2nicos, sementes, artesanato e outros produtos da agricultura familiar.<\/p>\n\n\n\n<p>As inscri\u00e7\u00f5es foram abertas nesta segunda-feira (7), no site do VI Seapo (seapo.ifbaiano.edu.br). Tamb\u00e9m foi aberto o prazo para submiss\u00e3o de trabalhos, que vai at\u00e9 o dia 10 de maio.<\/p>\n\n\n\n<div class=\"wp-block-image\"><figure class=\"aligncenter size-large is-resized\"><img loading=\"lazy\" decoding=\"async\" src=\"https:\/\/eventos.ifbaiano.edu.br\/portal\/2-seminario-agroecologia-guanambi\/files\/2022\/03\/7232925d-81d3-4486-8cee-79b16b466d39-1024x1024.jpg\" alt=\"\" class=\"wp-image-52374\" width=\"634\" height=\"634\" srcset=\"https:\/\/eventos.ifbaiano.edu.br\/portal\/2-seminario-agroecologia-guanambi\/files\/2022\/03\/7232925d-81d3-4486-8cee-79b16b466d39-1024x1024.jpg 1024w, https:\/\/eventos.ifbaiano.edu.br\/portal\/2-seminario-agroecologia-guanambi\/files\/2022\/03\/7232925d-81d3-4486-8cee-79b16b466d39-300x300.jpg 300w, https:\/\/eventos.ifbaiano.edu.br\/portal\/2-seminario-agroecologia-guanambi\/files\/2022\/03\/7232925d-81d3-4486-8cee-79b16b466d39-150x150.jpg 150w, https:\/\/eventos.ifbaiano.edu.br\/portal\/2-seminario-agroecologia-guanambi\/files\/2022\/03\/7232925d-81d3-4486-8cee-79b16b466d39-768x768.jpg 768w, https:\/\/eventos.ifbaiano.edu.br\/portal\/2-seminario-agroecologia-guanambi\/files\/2022\/03\/7232925d-81d3-4486-8cee-79b16b466d39.jpg 1080w\" sizes=\"(max-width: 634px) 100vw, 634px\" \/><\/figure><\/div>\n\n\n\n<p><strong>O Seapo<\/strong><\/p>\n\n\n\n<p>O evento promove h\u00e1 seis anos experi\u00eancias e informa\u00e7\u00f5es relevantes sobre a agroecologia e produ\u00e7\u00e3o org\u00e2nica de alimentos. Neste per\u00edodo de realiza\u00e7\u00e3o, juntamente com outras a\u00e7\u00f5es de extens\u00e3o promovidas pelo Campus e por outras institui\u00e7\u00f5es, aumentou o  interesse pela produ\u00e7\u00e3o de alimentos mais saud\u00e1veis e de forma mais sustent\u00e1vel no Territ\u00f3rio Sert\u00e3o Produtivo, que j\u00e1 tem seus primeiros agricultores com certifica\u00e7\u00e3o da produ\u00e7\u00e3o org\u00e2nica. <\/p>\n\n\n\n<p>Os trabalhos de organiza\u00e7\u00e3o do VI Seapo s\u00e3o coordenados pela professora Felizarda Beb\u00e9, com apoio de outros professores e servidores do Campus, al\u00e9m de estudantes da institui\u00e7\u00e3o.<\/p>\n","protected":false},"excerpt":{"rendered":"<p>O VI Semin\u00e1rio de Agroecologia e Produ\u00e7\u00e3o Org\u00e2nica (VI Seapo) j\u00e1 tem data marcada, ser\u00e1 nos dias 20 e 21 de maio de 2002. O evento \u00e9 realizado pelo Instituto Federal Baiano &#8211; Campus Guanambi. No primeiro dia, uma sexta-feira, o evento ter\u00e1 palestras pela manh\u00e3 e oficinas e apresenta\u00e7\u00f5es de resumos pela tarde, tudo&hellip;&nbsp;<a href=\"https:\/\/eventos.ifbaiano.edu.br\/portal\/2-seminario-agroecologia-guanambi\/2022\/03\/07\/vem-ai-o-vi-seminario-de-agroecologia-e-producao-organica-vi-seapo\/\" rel=\"bookmark\">Continue a ler &raquo;<span class=\"screen-reader-text\">Vem a\u00ed o VI Semin\u00e1rio de Agroecologia e Produ\u00e7\u00e3o Org\u00e2nica (VI Seapo)<\/span><\/a><\/p>\n","protected":false},"author":48,"featured_media":0,"comment_status":"open","ping_status":"open","sticky":false,"template":"","format":"standard","meta":{"neve_meta_sidebar":"","neve_meta_container":"","neve_meta_enable_content_width":"","neve_meta_content_width":0,"neve_meta_title_alignment":"","neve_meta_author_avatar":"","neve_post_elements_order":"","neve_meta_disable_header":"","neve_meta_disable_footer":"","neve_meta_disable_title":"","footnotes":""},"categories":[1],"tags":[],"_links":{"self":[{"href":"https:\/\/eventos.ifbaiano.edu.br\/portal\/2-seminario-agroecologia-guanambi\/wp-json\/wp\/v2\/posts\/52365"}],"collection":[{"href":"https:\/\/eventos.ifbaiano.edu.br\/portal\/2-seminario-agroecologia-guanambi\/wp-json\/wp\/v2\/posts"}],"about":[{"href":"https:\/\/eventos.ifbaiano.edu.br\/portal\/2-seminario-agroecologia-guanambi\/wp-json\/wp\/v2\/types\/post"}],"author":[{"embeddable":true,"href":"https:\/\/eventos.ifbaiano.edu.br\/portal\/2-seminario-agroecologia-guanambi\/wp-json\/wp\/v2\/users\/48"}],"replies":[{"embeddable":true,"href":"https:\/\/eventos.ifbaiano.edu.br\/portal\/2-seminario-agroecologia-guanambi\/wp-json\/wp\/v2\/comments?post=52365"}],"version-history":[{"count":4,"href":"https:\/\/eventos.ifbaiano.edu.br\/portal\/2-seminario-agroecologia-guanambi\/wp-json\/wp\/v2\/posts\/52365\/revisions"}],"predecessor-version":[{"id":52376,"href":"https:\/\/eventos.ifbaiano.edu.br\/portal\/2-seminario-agroecologia-guanambi\/wp-json\/wp\/v2\/posts\/52365\/revisions\/52376"}],"wp:attachment":[{"href":"https:\/\/eventos.ifbaiano.edu.br\/portal\/2-seminario-agroecologia-guanambi\/wp-json\/wp\/v2\/media?parent=52365"}],"wp:term":[{"taxonomy":"category","embeddable":true,"href":"https:\/\/eventos.ifbaiano.edu.br\/portal\/2-seminario-agroecologia-guanambi\/wp-json\/wp\/v2\/categories?post=52365"},{"taxonomy":"post_tag","embeddable":true,"href":"https:\/\/eventos.ifbaiano.edu.br\/portal\/2-seminario-agroecologia-guanambi\/wp-json\/wp\/v2\/tags?post=52365"}],"curies":[{"name":"wp","href":"https:\/\/api.w.org\/{rel}","templated":true}]}}